{"id":613,"date":"2017-07-07T20:11:29","date_gmt":"2017-07-07T18:11:29","guid":{"rendered":"http:\/\/hausbau.daeumlich.de\/?p=613"},"modified":"2017-09-26T16:52:23","modified_gmt":"2017-09-26T14:52:23","slug":"es-geht-weiter-mit-dem-obergeschoss","status":"publish","type":"post","link":"https:\/\/villa-moselstrasse.de\/index.php\/2017\/07\/07\/es-geht-weiter-mit-dem-obergeschoss\/","title":{"rendered":"Es geht weiter mit dem Obergeschoss"},"content":{"rendered":"<p>Nach knapp zwei Wochen Stillstand auf der Baustelle wurden am Dienstag (04.07.2017) dann endlich die Steine geliefert und es wurden bis heute flei\u00dfig die W\u00e4nde des Obergeschosses gemauert. Inzwischen stehen schon sch\u00e4tzungsweise 75% der Au\u00dfenw\u00e4nde. Und das, obwohl sogar wieder ein St\u00fcck zur\u00fcckgebaut werden musste, denn unser Baubetreuer hat am Mittwoch festgestellt, dass eine Stahlbetonst\u00fctze vergessen wurde. Kann ja mal passieren&#8230; Zum Gl\u00fcck haben wir den Baubetreuer, denn wir h\u00e4tten das sicherlich sonst nicht bemerkt. Wenn es in dem Tempo mit dem Maurern weitergeht, sollten die W\u00e4nde in der n\u00e4chsten Woche eigentlich komplett stehen. Hoffentlich ist der Beton f\u00fcr die Decke schon bestellt, nicht dass wir hier wieder Leerlauf haben&#8230;<\/p>\n<p>Heute wurde dann auch die &#8222;2. Etage&#8220; des Ger\u00fcstes aufgebaut, sodass ich das erste Mal auf die fertige Erdgeschossdecke geklettert bin und auch ein paar Fotos von oben machen konnte. Man kann sich nun schon gut die R\u00e4ume vorstellen. Ein paar R\u00e4ume wirken allerdings kleiner, als gedacht, aber das soll ja wohl normal sein im Rohbau. Daf\u00fcr wirkt das Haus an sich aber extrem hoch, wenn man davor steht. Und es kommen ja nochmal ca. 75cm dazu (25cm Decke und 50cm Attika)&#8230;<\/p>\n<p>Ansonsten haben wir in dieser Woche noch zwei weitere Dinge &#8222;abgehakt&#8220;:<\/p>\n<ol>\n<li>Wir sind am Montag mit unserem Baubetreuer nochmal die komplette Elektroplanung durchgegangen. Obwohl wir hier schon alles vorbereitet hatten, dauerte es trotzdem noch 4 Stunden, bis wir mit der Planung fertig waren. Nun sind wir gespannt, was f\u00fcr ein Mehrpreis hier auf uns zu kommt, denn wir haben doch schon einige Extras eingebaut. Zur Not m\u00fcssen wir hier ggf. nochmal Eigenleistung erbringen, wenn es zu teuer wird. Aber wir sind jetzt sehr zufrieden mit der Elektroplanung und hoffen, nichts Wichtiges vergessen zu haben (das wird aber sicherlich trotzdem so sein). Es ist wirklich toll, wie engagiert unser Baubetreuer ist. Auch wenn wir am Anfang das Geld daf\u00fcr lieber sparen wollten, sind wir inzwischen froh, Ihn beauftragt zu haben. Er nimmt uns wirklich Arbeit ab, deckt Fehler auf (z.B. fehlende Stahbetonst\u00fctze) und gibt uns zudem ein besseres Gef\u00fchl. Er ist bis jetzt definitiv sein Geld wert&#8230;<\/li>\n<li>Wir haben uns bzgl. der Sanit\u00e4rinstallation nun f\u00fcr das Vorgehen entschieden: Wir werden es von Meister Bau Teltow GmbH ausf\u00fchren lassen. Die Objekte haben wir uns bei ReuterBad schon rausgesucht und werden sie von dort ordern lassen, sodass das Ganze preislich im Rahmen bleibt. Die Duschsysteme werden wir wie uns von Frau W. angeboten wurde selber besorgen, dadurch sparen wir nochmal ein wenig. Es w\u00e4re uns zwar wahrscheinlich g\u00fcnstiger gekommen, wenn wir alles selbst besorgt und eine externe Firma f\u00fcr die Installation beauftragt h\u00e4tten, aber die ganze Koordinierung war uns dann letztendlich doch zu kompliziert.<\/li>\n<\/ol>\n<p>Hier nun noch ein paar Fotos von den Fortschritten der vergangenen Woche:<\/p>\n<div id='gallery-1' class='gallery galleryid-613 gallery-columns-3 gallery-size-thumbnail'><figure class='gallery-item'>\n\t\t\t<div class='gallery-icon portrait'>\n\t\t\t\t<a href='https:\/\/villa-moselstrasse.de\/index.php\/2017\/07\/07\/es-geht-weiter-mit-dem-obergeschoss\/img_5048\/'><img loading=\"lazy\" decoding=\"async\" width=\"150\" height=\"150\" src=\"https:\/\/villa-moselstrasse.de\/wp-content\/uploads\/2017\/07\/IMG_5048-e1499451049723-150x150.jpg\" class=\"attachment-thumbnail size-thumbnail\" alt=\"\" \/><\/a>\n\t\t\t<\/div><\/figure><figure class='gallery-item'>\n\t\t\t<div class='gallery-icon landscape'>\n\t\t\t\t<a href='https:\/\/villa-moselstrasse.de\/index.php\/2017\/07\/07\/es-geht-weiter-mit-dem-obergeschoss\/img_5049\/'><img loading=\"lazy\" decoding=\"async\" width=\"150\" height=\"150\" src=\"https:\/\/villa-moselstrasse.de\/wp-content\/uploads\/2017\/07\/IMG_5049-150x150.jpg\" class=\"attachment-thumbnail size-thumbnail\" alt=\"\" aria-describedby=\"gallery-1-615\" \/><\/a>\n\t\t\t<\/div>\n\t\t\t\t<figcaption class='wp-caption-text gallery-caption' id='gallery-1-615'>\n\t\t\t\tSteine sind da\n\t\t\t\t<\/figcaption><\/figure><figure class='gallery-item'>\n\t\t\t<div class='gallery-icon landscape'>\n\t\t\t\t<a href='https:\/\/villa-moselstrasse.de\/index.php\/2017\/07\/07\/es-geht-weiter-mit-dem-obergeschoss\/img_5051\/'><img loading=\"lazy\" decoding=\"async\" width=\"150\" height=\"150\" src=\"https:\/\/villa-moselstrasse.de\/wp-content\/uploads\/2017\/07\/IMG_5051-150x150.jpg\" class=\"attachment-thumbnail size-thumbnail\" alt=\"\" \/><\/a>\n\t\t\t<\/div><\/figure><figure class='gallery-item'>\n\t\t\t<div class='gallery-icon landscape'>\n\t\t\t\t<a href='https:\/\/villa-moselstrasse.de\/index.php\/2017\/07\/07\/es-geht-weiter-mit-dem-obergeschoss\/img_5053\/'><img loading=\"lazy\" decoding=\"async\" width=\"150\" height=\"150\" src=\"https:\/\/villa-moselstrasse.de\/wp-content\/uploads\/2017\/07\/IMG_5053-150x150.jpg\" class=\"attachment-thumbnail size-thumbnail\" alt=\"\" \/><\/a>\n\t\t\t<\/div><\/figure><figure class='gallery-item'>\n\t\t\t<div class='gallery-icon landscape'>\n\t\t\t\t<a href='https:\/\/villa-moselstrasse.de\/index.php\/2017\/07\/07\/es-geht-weiter-mit-dem-obergeschoss\/img_5054\/'><img loading=\"lazy\" decoding=\"async\" width=\"150\" height=\"150\" src=\"https:\/\/villa-moselstrasse.de\/wp-content\/uploads\/2017\/07\/IMG_5054-150x150.jpg\" class=\"attachment-thumbnail size-thumbnail\" alt=\"\" \/><\/a>\n\t\t\t<\/div><\/figure><figure class='gallery-item'>\n\t\t\t<div class='gallery-icon landscape'>\n\t\t\t\t<a href='https:\/\/villa-moselstrasse.de\/index.php\/2017\/07\/07\/es-geht-weiter-mit-dem-obergeschoss\/img_5055\/'><img loading=\"lazy\" decoding=\"async\" width=\"150\" height=\"150\" src=\"https:\/\/villa-moselstrasse.de\/wp-content\/uploads\/2017\/07\/IMG_5055-150x150.jpg\" class=\"attachment-thumbnail size-thumbnail\" alt=\"\" \/><\/a>\n\t\t\t<\/div><\/figure><figure class='gallery-item'>\n\t\t\t<div class='gallery-icon landscape'>\n\t\t\t\t<a href='https:\/\/villa-moselstrasse.de\/index.php\/2017\/07\/07\/es-geht-weiter-mit-dem-obergeschoss\/img_5057\/'><img loading=\"lazy\" decoding=\"async\" width=\"150\" height=\"150\" src=\"https:\/\/villa-moselstrasse.de\/wp-content\/uploads\/2017\/07\/IMG_5057-150x150.jpg\" class=\"attachment-thumbnail size-thumbnail\" alt=\"\" aria-describedby=\"gallery-1-620\" \/><\/a>\n\t\t\t<\/div>\n\t\t\t\t<figcaption class='wp-caption-text gallery-caption' id='gallery-1-620'>\n\t\t\t\tSandberg von oben\n\t\t\t\t<\/figcaption><\/figure><figure class='gallery-item'>\n\t\t\t<div class='gallery-icon landscape'>\n\t\t\t\t<a href='https:\/\/villa-moselstrasse.de\/index.php\/2017\/07\/07\/es-geht-weiter-mit-dem-obergeschoss\/img_5059\/'><img loading=\"lazy\" decoding=\"async\" width=\"150\" height=\"150\" src=\"https:\/\/villa-moselstrasse.de\/wp-content\/uploads\/2017\/07\/IMG_5059-150x150.jpg\" class=\"attachment-thumbnail size-thumbnail\" alt=\"\" \/><\/a>\n\t\t\t<\/div><\/figure><figure class='gallery-item'>\n\t\t\t<div class='gallery-icon landscape'>\n\t\t\t\t<a href='https:\/\/villa-moselstrasse.de\/index.php\/2017\/07\/07\/es-geht-weiter-mit-dem-obergeschoss\/img_5063\/'><img loading=\"lazy\" decoding=\"async\" width=\"150\" height=\"150\" src=\"https:\/\/villa-moselstrasse.de\/wp-content\/uploads\/2017\/07\/IMG_5063-150x150.jpg\" class=\"attachment-thumbnail size-thumbnail\" alt=\"\" \/><\/a>\n\t\t\t<\/div><\/figure><figure class='gallery-item'>\n\t\t\t<div class='gallery-icon landscape'>\n\t\t\t\t<a href='https:\/\/villa-moselstrasse.de\/index.php\/2017\/07\/07\/es-geht-weiter-mit-dem-obergeschoss\/img_5064\/'><img loading=\"lazy\" decoding=\"async\" width=\"150\" height=\"150\" src=\"https:\/\/villa-moselstrasse.de\/wp-content\/uploads\/2017\/07\/IMG_5064-150x150.jpg\" class=\"attachment-thumbnail size-thumbnail\" alt=\"\" \/><\/a>\n\t\t\t<\/div><\/figure><figure class='gallery-item'>\n\t\t\t<div class='gallery-icon landscape'>\n\t\t\t\t<a href='https:\/\/villa-moselstrasse.de\/index.php\/2017\/07\/07\/es-geht-weiter-mit-dem-obergeschoss\/img_5067\/'><img loading=\"lazy\" decoding=\"async\" width=\"150\" height=\"150\" src=\"https:\/\/villa-moselstrasse.de\/wp-content\/uploads\/2017\/07\/IMG_5067-150x150.jpg\" class=\"attachment-thumbnail size-thumbnail\" alt=\"\" aria-describedby=\"gallery-1-624\" \/><\/a>\n\t\t\t<\/div>\n\t\t\t\t<figcaption class='wp-caption-text gallery-caption' id='gallery-1-624'>\n\t\t\t\tWieder ein &#8222;Nagel&#8220;\n\t\t\t\t<\/figcaption><\/figure><figure class='gallery-item'>\n\t\t\t<div class='gallery-icon landscape'>\n\t\t\t\t<a href='https:\/\/villa-moselstrasse.de\/index.php\/2017\/07\/07\/es-geht-weiter-mit-dem-obergeschoss\/img_5068\/'><img loading=\"lazy\" decoding=\"async\" width=\"150\" height=\"150\" src=\"https:\/\/villa-moselstrasse.de\/wp-content\/uploads\/2017\/07\/IMG_5068-150x150.jpg\" class=\"attachment-thumbnail size-thumbnail\" alt=\"\" \/><\/a>\n\t\t\t<\/div><\/figure><figure class='gallery-item'>\n\t\t\t<div class='gallery-icon landscape'>\n\t\t\t\t<a href='https:\/\/villa-moselstrasse.de\/index.php\/2017\/07\/07\/es-geht-weiter-mit-dem-obergeschoss\/img_5075\/'><img loading=\"lazy\" decoding=\"async\" width=\"150\" height=\"150\" src=\"https:\/\/villa-moselstrasse.de\/wp-content\/uploads\/2017\/07\/IMG_5075-150x150.jpg\" class=\"attachment-thumbnail size-thumbnail\" alt=\"\" \/><\/a>\n\t\t\t<\/div><\/figure><figure class='gallery-item'>\n\t\t\t<div class='gallery-icon landscape'>\n\t\t\t\t<a href='https:\/\/villa-moselstrasse.de\/index.php\/2017\/07\/07\/es-geht-weiter-mit-dem-obergeschoss\/img_5076\/'><img loading=\"lazy\" decoding=\"async\" width=\"150\" height=\"150\" src=\"https:\/\/villa-moselstrasse.de\/wp-content\/uploads\/2017\/07\/IMG_5076-150x150.jpg\" class=\"attachment-thumbnail size-thumbnail\" alt=\"\" \/><\/a>\n\t\t\t<\/div><\/figure><figure class='gallery-item'>\n\t\t\t<div class='gallery-icon landscape'>\n\t\t\t\t<a href='https:\/\/villa-moselstrasse.de\/index.php\/2017\/07\/07\/es-geht-weiter-mit-dem-obergeschoss\/img_5077\/'><img loading=\"lazy\" decoding=\"async\" width=\"150\" height=\"150\" src=\"https:\/\/villa-moselstrasse.de\/wp-content\/uploads\/2017\/07\/IMG_5077-150x150.jpg\" class=\"attachment-thumbnail size-thumbnail\" alt=\"\" \/><\/a>\n\t\t\t<\/div><\/figure><figure class='gallery-item'>\n\t\t\t<div class='gallery-icon landscape'>\n\t\t\t\t<a href='https:\/\/villa-moselstrasse.de\/index.php\/2017\/07\/07\/es-geht-weiter-mit-dem-obergeschoss\/img_5078\/'><img loading=\"lazy\" decoding=\"async\" width=\"150\" height=\"150\" src=\"https:\/\/villa-moselstrasse.de\/wp-content\/uploads\/2017\/07\/IMG_5078-150x150.jpg\" class=\"attachment-thumbnail size-thumbnail\" alt=\"\" \/><\/a>\n\t\t\t<\/div><\/figure><figure class='gallery-item'>\n\t\t\t<div class='gallery-icon landscape'>\n\t\t\t\t<a href='https:\/\/villa-moselstrasse.de\/index.php\/2017\/07\/07\/es-geht-weiter-mit-dem-obergeschoss\/img_5080\/'><img loading=\"lazy\" decoding=\"async\" width=\"150\" height=\"150\" src=\"https:\/\/villa-moselstrasse.de\/wp-content\/uploads\/2017\/07\/IMG_5080-150x150.jpg\" class=\"attachment-thumbnail size-thumbnail\" alt=\"\" \/><\/a>\n\t\t\t<\/div><\/figure><figure class='gallery-item'>\n\t\t\t<div class='gallery-icon landscape'>\n\t\t\t\t<a href='https:\/\/villa-moselstrasse.de\/index.php\/2017\/07\/07\/es-geht-weiter-mit-dem-obergeschoss\/img_5081\/'><img loading=\"lazy\" decoding=\"async\" width=\"150\" height=\"150\" src=\"https:\/\/villa-moselstrasse.de\/wp-content\/uploads\/2017\/07\/IMG_5081-150x150.jpg\" class=\"attachment-thumbnail size-thumbnail\" alt=\"\" \/><\/a>\n\t\t\t<\/div><\/figure><figure class='gallery-item'>\n\t\t\t<div class='gallery-icon landscape'>\n\t\t\t\t<a href='https:\/\/villa-moselstrasse.de\/index.php\/2017\/07\/07\/es-geht-weiter-mit-dem-obergeschoss\/img_5083\/'><img loading=\"lazy\" decoding=\"async\" width=\"150\" height=\"150\" src=\"https:\/\/villa-moselstrasse.de\/wp-content\/uploads\/2017\/07\/IMG_5083-150x150.jpg\" class=\"attachment-thumbnail size-thumbnail\" alt=\"\" \/><\/a>\n\t\t\t<\/div><\/figure><figure class='gallery-item'>\n\t\t\t<div class='gallery-icon landscape'>\n\t\t\t\t<a href='https:\/\/villa-moselstrasse.de\/index.php\/2017\/07\/07\/es-geht-weiter-mit-dem-obergeschoss\/img_5084\/'><img loading=\"lazy\" decoding=\"async\" width=\"150\" height=\"150\" src=\"https:\/\/villa-moselstrasse.de\/wp-content\/uploads\/2017\/07\/IMG_5084-150x150.jpg\" class=\"attachment-thumbnail size-thumbnail\" alt=\"\" \/><\/a>\n\t\t\t<\/div><\/figure><figure class='gallery-item'>\n\t\t\t<div class='gallery-icon landscape'>\n\t\t\t\t<a href='https:\/\/villa-moselstrasse.de\/index.php\/2017\/07\/07\/es-geht-weiter-mit-dem-obergeschoss\/img_5085\/'><img loading=\"lazy\" decoding=\"async\" width=\"150\" height=\"150\" src=\"https:\/\/villa-moselstrasse.de\/wp-content\/uploads\/2017\/07\/IMG_5085-150x150.jpg\" class=\"attachment-thumbnail size-thumbnail\" alt=\"\" \/><\/a>\n\t\t\t<\/div><\/figure>\n\t\t<\/div>\n\n","protected":false},"excerpt":{"rendered":"<p>Nach knapp zwei Wochen Stillstand auf der Baustelle wurden am Dienstag (04.07.2017) dann endlich die Steine geliefert und es wurden bis heute flei\u00dfig die W\u00e4nde des Obergeschosses gemauert. Inzwischen stehen schon sch\u00e4tzungsweise 75% der Au\u00dfenw\u00e4nde. Und das, obwohl sogar wieder ein St\u00fcck zur\u00fcckgebaut werden musste, denn unser Baubetreuer hat am Mittwoch festgestellt, dass eine Stahlbetonst\u00fctze &hellip; <a href=\"https:\/\/villa-moselstrasse.de\/index.php\/2017\/07\/07\/es-geht-weiter-mit-dem-obergeschoss\/\" class=\"more-link\"><span class=\"screen-reader-text\">Es geht weiter mit dem Obergeschoss<\/span> weiterlesen <span class=\"meta-nav\">&rarr;<\/span><\/a><\/p>\n","protected":false},"author":1,"featured_media":0,"comment_status":"open","ping_status":"open","sticky":false,"template":"","format":"standard","meta":{"footnotes":""},"categories":[6,7],"tags":[],"class_list":["post-613","post","type-post","status-publish","format-standard","hentry","category-hausbau","category-meister-bau-teltow-gmbh"],"aioseo_notices":[],"_links":{"self":[{"href":"https:\/\/villa-moselstrasse.de\/index.php\/wp-json\/wp\/v2\/posts\/613","targetHints":{"allow":["GET"]}}],"collection":[{"href":"https:\/\/villa-moselstrasse.de\/index.php\/wp-json\/wp\/v2\/posts"}],"about":[{"href":"https:\/\/villa-moselstrasse.de\/index.php\/wp-json\/wp\/v2\/types\/post"}],"author":[{"embeddable":true,"href":"https:\/\/villa-moselstrasse.de\/index.php\/wp-json\/wp\/v2\/users\/1"}],"replies":[{"embeddable":true,"href":"https:\/\/villa-moselstrasse.de\/index.php\/wp-json\/wp\/v2\/comments?post=613"}],"version-history":[{"count":15,"href":"https:\/\/villa-moselstrasse.de\/index.php\/wp-json\/wp\/v2\/posts\/613\/revisions"}],"predecessor-version":[{"id":851,"href":"https:\/\/villa-moselstrasse.de\/index.php\/wp-json\/wp\/v2\/posts\/613\/revisions\/851"}],"wp:attachment":[{"href":"https:\/\/villa-moselstrasse.de\/index.php\/wp-json\/wp\/v2\/media?parent=613"}],"wp:term":[{"taxonomy":"category","embeddable":true,"href":"https:\/\/villa-moselstrasse.de\/index.php\/wp-json\/wp\/v2\/categories?post=613"},{"taxonomy":"post_tag","embeddable":true,"href":"https:\/\/villa-moselstrasse.de\/index.php\/wp-json\/wp\/v2\/tags?post=613"}],"curies":[{"name":"wp","href":"https:\/\/api.w.org\/{rel}","templated":true}]}}