{"id":757,"date":"2017-08-23T13:30:34","date_gmt":"2017-08-23T11:30:34","guid":{"rendered":"http:\/\/hausbau.daeumlich.de\/?p=757"},"modified":"2017-09-26T16:52:52","modified_gmt":"2017-09-26T14:52:52","slug":"der-innenausbau-kann-beginnen","status":"publish","type":"post","link":"https:\/\/villa-moselstrasse.de\/index.php\/2017\/08\/23\/der-innenausbau-kann-beginnen\/","title":{"rendered":"Der Innenausbau kann beginnen"},"content":{"rendered":"<p>In der letzten Woche wurden wie angek\u00fcndigt die Fenster fertig installiert. So sieht das Haus gleich ganz anders aus. Dies f\u00fchrt nun aber zu folgendem Problem: Es gibt noch keinen Bauzylinder f\u00fcr die Haust\u00fcr, sodass man aktuell nicht mehr ins Haus rein kommt. Der Zylinder sollte zwar kurzfristig besorgt werden, allerdings haben wir bis heute keine Schl\u00fcssel erhalten.<\/p>\n<p>An diesem Montag (21.08.2017) gab es dann einen Termin mit dem Elektriker vor Ort (ja, wir haben endlich einen, n\u00e4mlich die Firma <a href=\"http:\/\/www.es-potsdam.de\">Elektro &amp; Systemtechnik GmbH<\/a> aus Potsdam). Dort haben wir einige Unklarheiten beseitigt und unsere Planung nochmal detailliert besprochen. Wir hatten bereits vorab ein Angebot von Meister Bau Teltow GmbH bekommen, wo es allerdings noch ein paar Dinge zu bem\u00e4ngeln gab und welches noch nicht komplett war. Wir (gr\u00f6\u00dftenteils unser Baubetreuer) haben nun die komplettierten Elektropl\u00e4ne (wir hatten noch ein paar \u00c4nderungsw\u00fcnsche) zu unserem Bauleiter geschickt und warten nun auf ein neues vollst\u00e4ndiges Angebot. Anhand dessen werden wir dann entscheiden, was alles noch in Eigenleistung durch uns gemacht wird. In Frage kommt z.B. die Alarmanlagenverkabelung und das Patchen der Netzwerkkabel. Auch \u00fcber ein anderes Schalterprogramm machen wir uns Gedanken, da der Standard jetzt nicht wirklich gut aussieht. Aber ob das uns den erheblichen Mehrpreis wert ist, m\u00fcssen wir uns noch \u00fcberlegen. Der Elektriker wollte eigentlich kurzfristig anfangen, aber ohne Angebot und Zusage wird das wohl nichts. Wir hoffen, dass wir darauf nicht wie sonst wieder Ewigkeiten warten m\u00fcssen&#8230;<\/p>\n<p>Diese Woche soll nun das Dach abgedichtet werden. Zudem kommen die Rohbauer nochmal, denn es gab noch ein paar Sachen von unserem Baubetreuer zu bem\u00e4ngeln. Au\u00dferdem haben Sie die Baustelle an vielen Stellen unsauber verlassen, sodass hier auch noch aufger\u00e4umt werden muss. Dies hat selbst der Elektriker beim Vor-Ort-Termin bem\u00e4ngelt.<\/p>\n<p>Leider wurde von unserem Verzug noch nicht wirklich etwas wie angek\u00fcndigt aufgeholt. Selbst wenn der Elektriker in der n\u00e4chsten Woche anf\u00e4ngt mit seinen Arbeiten, sind es nun bereits 7 Wochen, die wir der Planung hinterher h\u00e4ngen.<\/p>\n<p>Hier noch ein paar Fotos von den Fenstern (vielen Dank an unseren Bauleiter):<\/p>\n<div id='gallery-1' class='gallery galleryid-757 gallery-columns-3 gallery-size-thumbnail'><figure class='gallery-item'>\n\t\t\t<div class='gallery-icon landscape'>\n\t\t\t\t<a href='https:\/\/villa-moselstrasse.de\/index.php\/2017\/08\/23\/der-innenausbau-kann-beginnen\/170815-einbau_fenster-1\/'><img loading=\"lazy\" decoding=\"async\" width=\"150\" height=\"150\" src=\"https:\/\/villa-moselstrasse.de\/wp-content\/uploads\/2017\/08\/170815-Einbau_Fenster-1-150x150.jpg\" class=\"attachment-thumbnail size-thumbnail\" alt=\"\" \/><\/a>\n\t\t\t<\/div><\/figure><figure class='gallery-item'>\n\t\t\t<div class='gallery-icon landscape'>\n\t\t\t\t<a href='https:\/\/villa-moselstrasse.de\/index.php\/2017\/08\/23\/der-innenausbau-kann-beginnen\/170815-einbau_fenster-2\/'><img loading=\"lazy\" decoding=\"async\" width=\"150\" height=\"150\" src=\"https:\/\/villa-moselstrasse.de\/wp-content\/uploads\/2017\/08\/170815-Einbau_Fenster-2-150x150.jpg\" class=\"attachment-thumbnail size-thumbnail\" alt=\"\" \/><\/a>\n\t\t\t<\/div><\/figure><figure class='gallery-item'>\n\t\t\t<div class='gallery-icon landscape'>\n\t\t\t\t<a href='https:\/\/villa-moselstrasse.de\/index.php\/2017\/08\/23\/der-innenausbau-kann-beginnen\/170815-einbau_fenster-3\/'><img loading=\"lazy\" decoding=\"async\" width=\"150\" height=\"150\" src=\"https:\/\/villa-moselstrasse.de\/wp-content\/uploads\/2017\/08\/170815-Einbau_Fenster-3-150x150.jpg\" class=\"attachment-thumbnail size-thumbnail\" alt=\"\" \/><\/a>\n\t\t\t<\/div><\/figure><figure class='gallery-item'>\n\t\t\t<div class='gallery-icon landscape'>\n\t\t\t\t<a href='https:\/\/villa-moselstrasse.de\/index.php\/2017\/08\/23\/der-innenausbau-kann-beginnen\/170815-einbau_fenster-4\/'><img loading=\"lazy\" decoding=\"async\" width=\"150\" height=\"150\" src=\"https:\/\/villa-moselstrasse.de\/wp-content\/uploads\/2017\/08\/170815-Einbau_Fenster-4-150x150.jpg\" class=\"attachment-thumbnail size-thumbnail\" alt=\"\" \/><\/a>\n\t\t\t<\/div><\/figure><figure class='gallery-item'>\n\t\t\t<div class='gallery-icon landscape'>\n\t\t\t\t<a href='https:\/\/villa-moselstrasse.de\/index.php\/2017\/08\/23\/der-innenausbau-kann-beginnen\/170815-einbau_fenster-5\/'><img loading=\"lazy\" decoding=\"async\" width=\"150\" height=\"150\" src=\"https:\/\/villa-moselstrasse.de\/wp-content\/uploads\/2017\/08\/170815-Einbau_Fenster-5-150x150.jpg\" class=\"attachment-thumbnail size-thumbnail\" alt=\"\" \/><\/a>\n\t\t\t<\/div><\/figure><figure class='gallery-item'>\n\t\t\t<div class='gallery-icon landscape'>\n\t\t\t\t<a href='https:\/\/villa-moselstrasse.de\/index.php\/2017\/08\/23\/der-innenausbau-kann-beginnen\/170815-einbau_fenster-6\/'><img loading=\"lazy\" decoding=\"async\" width=\"150\" height=\"150\" src=\"https:\/\/villa-moselstrasse.de\/wp-content\/uploads\/2017\/08\/170815-Einbau_Fenster-6-150x150.jpg\" class=\"attachment-thumbnail size-thumbnail\" alt=\"\" \/><\/a>\n\t\t\t<\/div><\/figure><figure class='gallery-item'>\n\t\t\t<div class='gallery-icon landscape'>\n\t\t\t\t<a href='https:\/\/villa-moselstrasse.de\/index.php\/2017\/08\/23\/der-innenausbau-kann-beginnen\/170815-einbau_fenster-7\/'><img loading=\"lazy\" decoding=\"async\" width=\"150\" height=\"150\" src=\"https:\/\/villa-moselstrasse.de\/wp-content\/uploads\/2017\/08\/170815-Einbau_Fenster-7-150x150.jpg\" class=\"attachment-thumbnail size-thumbnail\" alt=\"\" \/><\/a>\n\t\t\t<\/div><\/figure><figure class='gallery-item'>\n\t\t\t<div class='gallery-icon landscape'>\n\t\t\t\t<a href='https:\/\/villa-moselstrasse.de\/index.php\/2017\/08\/23\/der-innenausbau-kann-beginnen\/170815-einbau_fenster-8\/'><img loading=\"lazy\" decoding=\"async\" width=\"150\" height=\"150\" src=\"https:\/\/villa-moselstrasse.de\/wp-content\/uploads\/2017\/08\/170815-Einbau_Fenster-8-e1503487322888-150x150.jpg\" class=\"attachment-thumbnail size-thumbnail\" alt=\"\" \/><\/a>\n\t\t\t<\/div><\/figure>\n\t\t<\/div>\n\n<p>&nbsp;<\/p>\n","protected":false},"excerpt":{"rendered":"<p>In der letzten Woche wurden wie angek\u00fcndigt die Fenster fertig installiert. So sieht das Haus gleich ganz anders aus. Dies f\u00fchrt nun aber zu folgendem Problem: Es gibt noch keinen Bauzylinder f\u00fcr die Haust\u00fcr, sodass man aktuell nicht mehr ins Haus rein kommt. Der Zylinder sollte zwar kurzfristig besorgt werden, allerdings haben wir bis heute &hellip; <a href=\"https:\/\/villa-moselstrasse.de\/index.php\/2017\/08\/23\/der-innenausbau-kann-beginnen\/\" class=\"more-link\"><span class=\"screen-reader-text\">Der Innenausbau kann beginnen<\/span> weiterlesen <span class=\"meta-nav\">&rarr;<\/span><\/a><\/p>\n","protected":false},"author":1,"featured_media":0,"comment_status":"open","ping_status":"open","sticky":false,"template":"","format":"standard","meta":{"footnotes":""},"categories":[6,7],"tags":[],"class_list":["post-757","post","type-post","status-publish","format-standard","hentry","category-hausbau","category-meister-bau-teltow-gmbh"],"aioseo_notices":[],"_links":{"self":[{"href":"https:\/\/villa-moselstrasse.de\/index.php\/wp-json\/wp\/v2\/posts\/757","targetHints":{"allow":["GET"]}}],"collection":[{"href":"https:\/\/villa-moselstrasse.de\/index.php\/wp-json\/wp\/v2\/posts"}],"about":[{"href":"https:\/\/villa-moselstrasse.de\/index.php\/wp-json\/wp\/v2\/types\/post"}],"author":[{"embeddable":true,"href":"https:\/\/villa-moselstrasse.de\/index.php\/wp-json\/wp\/v2\/users\/1"}],"replies":[{"embeddable":true,"href":"https:\/\/villa-moselstrasse.de\/index.php\/wp-json\/wp\/v2\/comments?post=757"}],"version-history":[{"count":3,"href":"https:\/\/villa-moselstrasse.de\/index.php\/wp-json\/wp\/v2\/posts\/757\/revisions"}],"predecessor-version":[{"id":852,"href":"https:\/\/villa-moselstrasse.de\/index.php\/wp-json\/wp\/v2\/posts\/757\/revisions\/852"}],"wp:attachment":[{"href":"https:\/\/villa-moselstrasse.de\/index.php\/wp-json\/wp\/v2\/media?parent=757"}],"wp:term":[{"taxonomy":"category","embeddable":true,"href":"https:\/\/villa-moselstrasse.de\/index.php\/wp-json\/wp\/v2\/categories?post=757"},{"taxonomy":"post_tag","embeddable":true,"href":"https:\/\/villa-moselstrasse.de\/index.php\/wp-json\/wp\/v2\/tags?post=757"}],"curies":[{"name":"wp","href":"https:\/\/api.w.org\/{rel}","templated":true}]}}