{"id":771,"date":"2017-09-03T18:16:30","date_gmt":"2017-09-03T16:16:30","guid":{"rendered":"http:\/\/hausbau.daeumlich.de\/?p=771"},"modified":"2017-09-03T18:16:30","modified_gmt":"2017-09-03T16:16:30","slug":"der-innenausbau-beginnt-langsam-aber-sicher","status":"publish","type":"post","link":"https:\/\/villa-moselstrasse.de\/index.php\/2017\/09\/03\/der-innenausbau-beginnt-langsam-aber-sicher\/","title":{"rendered":"Der Innenausbau beginnt langsam aber sicher"},"content":{"rendered":"<p>Seit unserem letzten Beitrag ging es wieder mit kleinen Schritten voran auf der Baustelle.<\/p>\n<p>Erstmal wurde das Dach am 22.08.2017 abgedichtet, sodass inzwischen kein Wasser mehr durch die Decke tropft. Au\u00dferdem wurde die Bodenplatte abgedichtet, sodass auch von unten kein Wasser mehr eindringen sollte. Nun ist das Haus also dicht. Zudem wurde an der Kellerdecke die D\u00e4mmung von au\u00dfen installiert. Nur die Bereiche an den Lichtsch\u00e4chten fehlen noch. Da wir ja daf\u00fcr noch Aufs\u00e4tze haben wollen, wurde der Bereich vermutlich vorerst ausgelassen. Was auch noch fehlt sind die Gef\u00e4lled\u00e4mmung auf dem Dach und die Regenfallrohre. Im Moment l\u00e4uft das Dach bei Regen noch voll wie ein Swimmingpool und wird irgendwann \u00fcberlaufen. Hier k\u00f6nnen wir nur hoffen, dass der Dachdecker seine Arbeit bald vollendet bzw. es in der n\u00e4chsten Zeit nicht allzu stark regnet.<\/p>\n<p>Das zweite gro\u00dfe Thema ist ja aktuell die Elektroinstallation. Hier hatten wir ja am 21.08.2017 den Vor-Ort-Termin und haben anschlie\u00dfend noch auf ein aktualisiertes Angebot gewartet. Nach einer Woche wurden wir schon wieder etwas ungeduldig, aber letzten Dienstag (29.08.2017) kam dann doch noch das neue Angebot. Nach einigen raschen Korrekturen seitens Meister Bau Teltow GmbH hat das Angebot dann letztendlich gepasst. Die Alarmanlagenverkabelung f\u00fchren wir jetzt in Eigenleistung aus (bzw. lassen sie durchf\u00fchren), da das Angebot vom Elektriker von Meister Bau Teltow GmbH fast doppelt so teuer war wie unser Vergleichsangebot. Au\u00dferdem werden wir die Netzwerkkabel selber patchen, was auch nochmal ein paar Euro spart. Denn so haben wir nun Duplex-Verkablung exklusive Patchen zu einem geringeren Preis als Simplex-Verkabelung inklusive Patchen. Nat\u00fcrlich kostet die Hardware daf\u00fcr dann nochmal ein wenig, aber die Installation macht ja auch Spa\u00df.<\/p>\n<p>Gestern waren wir dann seit langer Zeit mal wieder auf der Baustelle (ja, wir haben inzwischen auch einen Schl\u00fcssel erhalten). Zuerst mussten wir feststellen, dass das Neubaugebiet scheinbar eine fruchtbare Gegend ist, denn im letzten Monat sind hier 4 Babys (alles Jungen) geboren worden. Also wird es an Spielkameraden f\u00fcr unseren Sohnemann sp\u00e4ter wohl nicht mangeln. Die Elektriker haben in der letzten Woche schon begonnen, die Dosen zu setzen. Es sind schon fast alle Dosen installiert, nun m\u00fcssen noch die Kabel folgen. Allerdings gibt es hier mal wieder ein kleines Problem, denn die Durchbr\u00fcche f\u00fcr die Elektroleitungen sind nicht vorhanden bzw. nicht auffindbar. Da bei der Installation der Decken die L\u00fcftungsleitungen scheinbar zum Teil falsch in die Elektrodurchbr\u00fcche gelegt wurden, sind die Durchbr\u00fcche nun nicht komplett vorhanden (nur jeweils von einer Seite). Wir sind gespannt, was sich die Elektriker da einfallen lassen f\u00fcr das Verziehen der Kabel. Es sind uns dann beim Durchgehen der R\u00e4ume noch ein paar Stellen aufgefallen, wo wir gerne noch Steckdosen h\u00e4tten. Die W\u00fcnsche habe ich noch an unseren Bauleiter geschickt und hoffen, dass sie noch ber\u00fccksichtigt werden. Hinterher \u00e4ndern wird dann deutlich schwieriger&#8230;<\/p>\n<p>Ich habe dann gestern auch noch eine weitere kleine Eigenleistung erbracht, denn im Obergeschoss stand in zwei R\u00e4umen noch das Wasser in gr\u00f6\u00dferen Pf\u00fctzen, sodass ich mit Eimer und Wischlappen das Wasser aufgesaugt und entfernt habe. Immerhin gut 30 Liter habe ich so aufgesaugt. Es muss ja nicht unn\u00f6tig Feuchtigkeit im Haus sein.<\/p>\n<p>N\u00e4chste Woche sollen dann gleich mehrere Sachen passieren: Der Treppenbauer wird das Gel\u00e4nder installieren, die Elektriker sollen Ihre Arbeit vollenden und Ende der Woche soll dann bereits mit dem Innenputz begonnen werden. Au\u00dferdem kommen zum Ende der Woche die von mir beauftragten Installateuere f\u00fcr die Alarmanlage. Wir hoffen nur, dass sich das mit dem Verputzen nicht irgendwie in die Quere kommt.<\/p>\n<p>Es geht also inzwischen etwas voran, allerdings betr\u00e4gt der R\u00fcckstand zum Plan weiterhin 7 Wochen. F\u00fcr Sanit\u00e4r-, L\u00fcftungs- und Fu\u00dfbodenheizungsinstallation sind laut Bauplan anschlie\u00dfend aber 5 Wochen veranschlagt, vielleicht holt man hier dann ja ein wenig Zeit auf. Die Hoffnung stirbt ja bekanntlich zuletzt&#8230;<\/p>\n<div id='gallery-1' class='gallery galleryid-771 gallery-columns-3 gallery-size-thumbnail'><figure class='gallery-item'>\n\t\t\t<div class='gallery-icon landscape'>\n\t\t\t\t<a href='https:\/\/villa-moselstrasse.de\/index.php\/2017\/09\/03\/der-innenausbau-beginnt-langsam-aber-sicher\/img_5391\/'><img loading=\"lazy\" decoding=\"async\" width=\"150\" height=\"150\" src=\"https:\/\/villa-moselstrasse.de\/wp-content\/uploads\/2017\/09\/IMG_5391-150x150.jpg\" class=\"attachment-thumbnail size-thumbnail\" alt=\"\" \/><\/a>\n\t\t\t<\/div><\/figure><figure class='gallery-item'>\n\t\t\t<div class='gallery-icon landscape'>\n\t\t\t\t<a href='https:\/\/villa-moselstrasse.de\/index.php\/2017\/09\/03\/der-innenausbau-beginnt-langsam-aber-sicher\/img_5394\/'><img loading=\"lazy\" decoding=\"async\" width=\"150\" height=\"150\" src=\"https:\/\/villa-moselstrasse.de\/wp-content\/uploads\/2017\/09\/IMG_5394-150x150.jpg\" class=\"attachment-thumbnail size-thumbnail\" alt=\"\" \/><\/a>\n\t\t\t<\/div><\/figure><figure class='gallery-item'>\n\t\t\t<div class='gallery-icon landscape'>\n\t\t\t\t<a href='https:\/\/villa-moselstrasse.de\/index.php\/2017\/09\/03\/der-innenausbau-beginnt-langsam-aber-sicher\/img_5402\/'><img loading=\"lazy\" decoding=\"async\" width=\"150\" height=\"150\" src=\"https:\/\/villa-moselstrasse.de\/wp-content\/uploads\/2017\/09\/IMG_5402-150x150.jpg\" class=\"attachment-thumbnail size-thumbnail\" alt=\"\" \/><\/a>\n\t\t\t<\/div><\/figure><figure class='gallery-item'>\n\t\t\t<div class='gallery-icon landscape'>\n\t\t\t\t<a href='https:\/\/villa-moselstrasse.de\/index.php\/2017\/09\/03\/der-innenausbau-beginnt-langsam-aber-sicher\/img_5409\/'><img loading=\"lazy\" decoding=\"async\" width=\"150\" height=\"150\" src=\"https:\/\/villa-moselstrasse.de\/wp-content\/uploads\/2017\/09\/IMG_5409-150x150.jpg\" class=\"attachment-thumbnail size-thumbnail\" alt=\"\" \/><\/a>\n\t\t\t<\/div><\/figure><figure class='gallery-item'>\n\t\t\t<div class='gallery-icon landscape'>\n\t\t\t\t<a href='https:\/\/villa-moselstrasse.de\/index.php\/2017\/09\/03\/der-innenausbau-beginnt-langsam-aber-sicher\/img_5424\/'><img loading=\"lazy\" decoding=\"async\" width=\"150\" height=\"150\" src=\"https:\/\/villa-moselstrasse.de\/wp-content\/uploads\/2017\/09\/IMG_5424-150x150.jpg\" class=\"attachment-thumbnail size-thumbnail\" alt=\"\" \/><\/a>\n\t\t\t<\/div><\/figure><figure class='gallery-item'>\n\t\t\t<div class='gallery-icon landscape'>\n\t\t\t\t<a href='https:\/\/villa-moselstrasse.de\/index.php\/2017\/09\/03\/der-innenausbau-beginnt-langsam-aber-sicher\/img_5426\/'><img loading=\"lazy\" decoding=\"async\" width=\"150\" height=\"150\" src=\"https:\/\/villa-moselstrasse.de\/wp-content\/uploads\/2017\/09\/IMG_5426-150x150.jpg\" class=\"attachment-thumbnail size-thumbnail\" alt=\"\" \/><\/a>\n\t\t\t<\/div><\/figure><figure class='gallery-item'>\n\t\t\t<div class='gallery-icon landscape'>\n\t\t\t\t<a href='https:\/\/villa-moselstrasse.de\/index.php\/2017\/09\/03\/der-innenausbau-beginnt-langsam-aber-sicher\/img_5427\/'><img loading=\"lazy\" decoding=\"async\" width=\"150\" height=\"150\" src=\"https:\/\/villa-moselstrasse.de\/wp-content\/uploads\/2017\/09\/IMG_5427-150x150.jpg\" class=\"attachment-thumbnail size-thumbnail\" alt=\"\" \/><\/a>\n\t\t\t<\/div><\/figure><figure class='gallery-item'>\n\t\t\t<div class='gallery-icon landscape'>\n\t\t\t\t<a href='https:\/\/villa-moselstrasse.de\/index.php\/2017\/09\/03\/der-innenausbau-beginnt-langsam-aber-sicher\/img_5428\/'><img loading=\"lazy\" decoding=\"async\" width=\"150\" height=\"150\" src=\"https:\/\/villa-moselstrasse.de\/wp-content\/uploads\/2017\/09\/IMG_5428-150x150.jpg\" class=\"attachment-thumbnail size-thumbnail\" alt=\"\" \/><\/a>\n\t\t\t<\/div><\/figure><figure class='gallery-item'>\n\t\t\t<div class='gallery-icon landscape'>\n\t\t\t\t<a href='https:\/\/villa-moselstrasse.de\/index.php\/2017\/09\/03\/der-innenausbau-beginnt-langsam-aber-sicher\/img_5429\/'><img loading=\"lazy\" decoding=\"async\" width=\"150\" height=\"150\" src=\"https:\/\/villa-moselstrasse.de\/wp-content\/uploads\/2017\/09\/IMG_5429-150x150.jpg\" class=\"attachment-thumbnail size-thumbnail\" alt=\"\" \/><\/a>\n\t\t\t<\/div><\/figure><figure class='gallery-item'>\n\t\t\t<div class='gallery-icon landscape'>\n\t\t\t\t<a href='https:\/\/villa-moselstrasse.de\/index.php\/2017\/09\/03\/der-innenausbau-beginnt-langsam-aber-sicher\/img_5431\/'><img loading=\"lazy\" decoding=\"async\" width=\"150\" height=\"150\" src=\"https:\/\/villa-moselstrasse.de\/wp-content\/uploads\/2017\/09\/IMG_5431-150x150.jpg\" class=\"attachment-thumbnail size-thumbnail\" alt=\"\" \/><\/a>\n\t\t\t<\/div><\/figure><figure class='gallery-item'>\n\t\t\t<div class='gallery-icon landscape'>\n\t\t\t\t<a href='https:\/\/villa-moselstrasse.de\/index.php\/2017\/09\/03\/der-innenausbau-beginnt-langsam-aber-sicher\/img_5432\/'><img loading=\"lazy\" decoding=\"async\" width=\"150\" height=\"150\" src=\"https:\/\/villa-moselstrasse.de\/wp-content\/uploads\/2017\/09\/IMG_5432-150x150.jpg\" class=\"attachment-thumbnail size-thumbnail\" alt=\"\" \/><\/a>\n\t\t\t<\/div><\/figure><figure class='gallery-item'>\n\t\t\t<div class='gallery-icon landscape'>\n\t\t\t\t<a href='https:\/\/villa-moselstrasse.de\/index.php\/2017\/09\/03\/der-innenausbau-beginnt-langsam-aber-sicher\/img_5435\/'><img loading=\"lazy\" decoding=\"async\" width=\"150\" height=\"150\" src=\"https:\/\/villa-moselstrasse.de\/wp-content\/uploads\/2017\/09\/IMG_5435-150x150.jpg\" class=\"attachment-thumbnail size-thumbnail\" alt=\"\" \/><\/a>\n\t\t\t<\/div><\/figure><figure class='gallery-item'>\n\t\t\t<div class='gallery-icon landscape'>\n\t\t\t\t<a href='https:\/\/villa-moselstrasse.de\/index.php\/2017\/09\/03\/der-innenausbau-beginnt-langsam-aber-sicher\/img_5438\/'><img loading=\"lazy\" decoding=\"async\" width=\"150\" height=\"150\" src=\"https:\/\/villa-moselstrasse.de\/wp-content\/uploads\/2017\/09\/IMG_5438-150x150.jpg\" class=\"attachment-thumbnail size-thumbnail\" alt=\"\" \/><\/a>\n\t\t\t<\/div><\/figure><figure class='gallery-item'>\n\t\t\t<div class='gallery-icon landscape'>\n\t\t\t\t<a href='https:\/\/villa-moselstrasse.de\/index.php\/2017\/09\/03\/der-innenausbau-beginnt-langsam-aber-sicher\/img_5440\/'><img loading=\"lazy\" decoding=\"async\" width=\"150\" height=\"150\" src=\"https:\/\/villa-moselstrasse.de\/wp-content\/uploads\/2017\/09\/IMG_5440-150x150.jpg\" class=\"attachment-thumbnail size-thumbnail\" alt=\"\" \/><\/a>\n\t\t\t<\/div><\/figure><figure class='gallery-item'>\n\t\t\t<div class='gallery-icon landscape'>\n\t\t\t\t<a href='https:\/\/villa-moselstrasse.de\/index.php\/2017\/09\/03\/der-innenausbau-beginnt-langsam-aber-sicher\/img_5441\/'><img loading=\"lazy\" decoding=\"async\" width=\"150\" height=\"150\" src=\"https:\/\/villa-moselstrasse.de\/wp-content\/uploads\/2017\/09\/IMG_5441-150x150.jpg\" class=\"attachment-thumbnail size-thumbnail\" alt=\"\" \/><\/a>\n\t\t\t<\/div><\/figure><figure class='gallery-item'>\n\t\t\t<div class='gallery-icon landscape'>\n\t\t\t\t<a href='https:\/\/villa-moselstrasse.de\/index.php\/2017\/09\/03\/der-innenausbau-beginnt-langsam-aber-sicher\/img_5448\/'><img loading=\"lazy\" decoding=\"async\" width=\"150\" height=\"150\" src=\"https:\/\/villa-moselstrasse.de\/wp-content\/uploads\/2017\/09\/IMG_5448-150x150.jpg\" class=\"attachment-thumbnail size-thumbnail\" alt=\"\" \/><\/a>\n\t\t\t<\/div><\/figure><figure class='gallery-item'>\n\t\t\t<div class='gallery-icon landscape'>\n\t\t\t\t<a href='https:\/\/villa-moselstrasse.de\/index.php\/2017\/09\/03\/der-innenausbau-beginnt-langsam-aber-sicher\/img_5449\/'><img loading=\"lazy\" decoding=\"async\" width=\"150\" height=\"150\" src=\"https:\/\/villa-moselstrasse.de\/wp-content\/uploads\/2017\/09\/IMG_5449-150x150.jpg\" class=\"attachment-thumbnail size-thumbnail\" alt=\"\" \/><\/a>\n\t\t\t<\/div><\/figure>\n\t\t<\/div>\n\n","protected":false},"excerpt":{"rendered":"<p>Seit unserem letzten Beitrag ging es wieder mit kleinen Schritten voran auf der Baustelle. Erstmal wurde das Dach am 22.08.2017 abgedichtet, sodass inzwischen kein Wasser mehr durch die Decke tropft. Au\u00dferdem wurde die Bodenplatte abgedichtet, sodass auch von unten kein Wasser mehr eindringen sollte. Nun ist das Haus also dicht. Zudem wurde an der Kellerdecke &hellip; <a href=\"https:\/\/villa-moselstrasse.de\/index.php\/2017\/09\/03\/der-innenausbau-beginnt-langsam-aber-sicher\/\" class=\"more-link\"><span class=\"screen-reader-text\">Der Innenausbau beginnt langsam aber sicher<\/span> weiterlesen <span class=\"meta-nav\">&rarr;<\/span><\/a><\/p>\n","protected":false},"author":1,"featured_media":0,"comment_status":"open","ping_status":"open","sticky":false,"template":"","format":"standard","meta":{"footnotes":""},"categories":[6,7],"tags":[],"class_list":["post-771","post","type-post","status-publish","format-standard","hentry","category-hausbau","category-meister-bau-teltow-gmbh"],"aioseo_notices":[],"_links":{"self":[{"href":"https:\/\/villa-moselstrasse.de\/index.php\/wp-json\/wp\/v2\/posts\/771","targetHints":{"allow":["GET"]}}],"collection":[{"href":"https:\/\/villa-moselstrasse.de\/index.php\/wp-json\/wp\/v2\/posts"}],"about":[{"href":"https:\/\/villa-moselstrasse.de\/index.php\/wp-json\/wp\/v2\/types\/post"}],"author":[{"embeddable":true,"href":"https:\/\/villa-moselstrasse.de\/index.php\/wp-json\/wp\/v2\/users\/1"}],"replies":[{"embeddable":true,"href":"https:\/\/villa-moselstrasse.de\/index.php\/wp-json\/wp\/v2\/comments?post=771"}],"version-history":[{"count":1,"href":"https:\/\/villa-moselstrasse.de\/index.php\/wp-json\/wp\/v2\/posts\/771\/revisions"}],"predecessor-version":[{"id":789,"href":"https:\/\/villa-moselstrasse.de\/index.php\/wp-json\/wp\/v2\/posts\/771\/revisions\/789"}],"wp:attachment":[{"href":"https:\/\/villa-moselstrasse.de\/index.php\/wp-json\/wp\/v2\/media?parent=771"}],"wp:term":[{"taxonomy":"category","embeddable":true,"href":"https:\/\/villa-moselstrasse.de\/index.php\/wp-json\/wp\/v2\/categories?post=771"},{"taxonomy":"post_tag","embeddable":true,"href":"https:\/\/villa-moselstrasse.de\/index.php\/wp-json\/wp\/v2\/tags?post=771"}],"curies":[{"name":"wp","href":"https:\/\/api.w.org\/{rel}","templated":true}]}}